{"id":7681,"date":"2025-12-15T11:26:59","date_gmt":"2025-12-15T10:26:59","guid":{"rendered":"https:\/\/www.multigas.ch\/?p=7681"},"modified":"2025-12-23T11:27:15","modified_gmt":"2025-12-23T10:27:15","slug":"multigas-auf-der-swiss-cooling-expo-2025","status":"publish","type":"post","link":"https:\/\/www.multigas.ch\/de\/multigas-auf-der-swiss-cooling-expo-2025\/","title":{"rendered":"Multigas auf der Swiss Cooling Expo 2025"},"content":{"rendered":"<p>Multigas war am Donnerstag, dem 11. Dezember, auf der Swiss Cooling Expo in Beaulieu, Lausanne, vertreten.<\/p>\n<p>Dieser Tag bot Gelegenheit zum Austausch und zur Weitergabe unseres Fachwissens \u00fcber die Auswahl der richtigen K\u00e4ltemittel f\u00fcr Ihre Anlagen.<\/p>\n<p>Vielen Dank an alle f\u00fcr diese konstruktiven Gespr\u00e4che \u2013 wir sehen uns bei den n\u00e4chsten Veranstaltungen!<\/p>\n","protected":false},"excerpt":{"rendered":"<p>Multigas war am Donnerstag, dem 11. Dezember, auf der Swiss Cooling Expo in Beaulieu, Lausanne, vertreten. Dieser Tag bot Gelegenheit zum Austausch und zur Weitergabe unseres Fachwissens \u00fcber die Auswahl der richtigen K\u00e4ltemittel f\u00fcr Ihre Anlagen. Vielen Dank an alle f\u00fcr diese konstruktiven Gespr\u00e4che \u2013 wir sehen uns bei den n\u00e4chsten Veranstaltungen!<\/p>\n","protected":false},"author":1,"featured_media":7678,"comment_status":"closed","ping_status":"closed","sticky":false,"template":"","format":"standard","meta":{"_acf_changed":false,"footnotes":""},"categories":[5],"tags":[],"class_list":["post-7681","post","type-post","status-publish","format-standard","has-post-thumbnail","hentry","category-unkategorisiert"],"acf":[],"yoast_head":"<!-- This site is optimized with the Yoast SEO plugin v27.3 - https:\/\/yoast.com\/product\/yoast-seo-wordpress\/ -->\n<title>Multigas auf der Swiss Cooling Expo 2025 - Multigas<\/title>\n<meta name=\"robots\" content=\"noindex, follow\" \/>\n<meta property=\"og:locale\" content=\"de_DE\" \/>\n<meta property=\"og:type\" content=\"article\" \/>\n<meta property=\"og:title\" content=\"Multigas auf der Swiss Cooling Expo 2025 - Multigas\" \/>\n<meta property=\"og:description\" content=\"Multigas war am Donnerstag, dem 11. Dezember, auf der Swiss Cooling Expo in Beaulieu, Lausanne, vertreten. Dieser Tag bot Gelegenheit zum Austausch und zur Weitergabe unseres Fachwissens \u00fcber die Auswahl der richtigen K\u00e4ltemittel f\u00fcr Ihre Anlagen. Vielen Dank an alle f\u00fcr diese konstruktiven Gespr\u00e4che \u2013 wir sehen uns bei den n\u00e4chsten Veranstaltungen!\" \/>\n<meta property=\"og:url\" content=\"https:\/\/www.multigas.ch\/de\/multigas-auf-der-swiss-cooling-expo-2025\/\" \/>\n<meta property=\"og:site_name\" content=\"Multigas\" \/>\n<meta property=\"article:published_time\" content=\"2025-12-15T10:26:59+00:00\" \/>\n<meta property=\"article:modified_time\" content=\"2025-12-23T10:27:15+00:00\" \/>\n<meta property=\"og:image\" content=\"https:\/\/www.multigas.ch\/wp-content\/uploads\/2025\/12\/VIS_MULTIGAS_swiss-cooling.jpg\" \/>\n\t<meta property=\"og:image:width\" content=\"949\" \/>\n\t<meta property=\"og:image:height\" content=\"400\" \/>\n\t<meta property=\"og:image:type\" content=\"image\/jpeg\" \/>\n<meta name=\"author\" content=\"cedric\" \/>\n<meta name=\"twitter:card\" content=\"summary_large_image\" \/>\n<meta name=\"twitter:label1\" content=\"Verfasst von\" \/>\n\t<meta name=\"twitter:data1\" content=\"cedric\" \/>\n\t<meta name=\"twitter:label2\" content=\"Gesch\u00e4tzte Lesezeit\" \/>\n\t<meta name=\"twitter:data2\" content=\"1\u00a0Minute\" \/>\n<script type=\"application\/ld+json\" class=\"yoast-schema-graph\">{\"@context\":\"https:\\\/\\\/schema.org\",\"@graph\":[{\"@type\":\"Article\",\"@id\":\"https:\\\/\\\/www.multigas.ch\\\/de\\\/multigas-auf-der-swiss-cooling-expo-2025\\\/#article\",\"isPartOf\":{\"@id\":\"https:\\\/\\\/www.multigas.ch\\\/de\\\/multigas-auf-der-swiss-cooling-expo-2025\\\/\"},\"author\":{\"name\":\"cedric\",\"@id\":\"https:\\\/\\\/www.multigas.ch\\\/#\\\/schema\\\/person\\\/2891ddf6ce685c333fa802442830fa13\"},\"headline\":\"Multigas auf der Swiss Cooling Expo 2025\",\"datePublished\":\"2025-12-15T10:26:59+00:00\",\"dateModified\":\"2025-12-23T10:27:15+00:00\",\"mainEntityOfPage\":{\"@id\":\"https:\\\/\\\/www.multigas.ch\\\/de\\\/multigas-auf-der-swiss-cooling-expo-2025\\\/\"},\"wordCount\":61,\"image\":{\"@id\":\"https:\\\/\\\/www.multigas.ch\\\/de\\\/multigas-auf-der-swiss-cooling-expo-2025\\\/#primaryimage\"},\"thumbnailUrl\":\"https:\\\/\\\/www.multigas.ch\\\/wp-content\\\/uploads\\\/2025\\\/12\\\/VIS_MULTIGAS_swiss-cooling.jpg\",\"articleSection\":[\"Unkategorisiert\"],\"inLanguage\":\"de\"},{\"@type\":\"WebPage\",\"@id\":\"https:\\\/\\\/www.multigas.ch\\\/de\\\/multigas-auf-der-swiss-cooling-expo-2025\\\/\",\"url\":\"https:\\\/\\\/www.multigas.ch\\\/de\\\/multigas-auf-der-swiss-cooling-expo-2025\\\/\",\"name\":\"Multigas auf der Swiss Cooling Expo 2025 - Multigas\",\"isPartOf\":{\"@id\":\"https:\\\/\\\/www.multigas.ch\\\/#website\"},\"primaryImageOfPage\":{\"@id\":\"https:\\\/\\\/www.multigas.ch\\\/de\\\/multigas-auf-der-swiss-cooling-expo-2025\\\/#primaryimage\"},\"image\":{\"@id\":\"https:\\\/\\\/www.multigas.ch\\\/de\\\/multigas-auf-der-swiss-cooling-expo-2025\\\/#primaryimage\"},\"thumbnailUrl\":\"https:\\\/\\\/www.multigas.ch\\\/wp-content\\\/uploads\\\/2025\\\/12\\\/VIS_MULTIGAS_swiss-cooling.jpg\",\"datePublished\":\"2025-12-15T10:26:59+00:00\",\"dateModified\":\"2025-12-23T10:27:15+00:00\",\"author\":{\"@id\":\"https:\\\/\\\/www.multigas.ch\\\/#\\\/schema\\\/person\\\/2891ddf6ce685c333fa802442830fa13\"},\"breadcrumb\":{\"@id\":\"https:\\\/\\\/www.multigas.ch\\\/de\\\/multigas-auf-der-swiss-cooling-expo-2025\\\/#breadcrumb\"},\"inLanguage\":\"de\",\"potentialAction\":[{\"@type\":\"ReadAction\",\"target\":[\"https:\\\/\\\/www.multigas.ch\\\/de\\\/multigas-auf-der-swiss-cooling-expo-2025\\\/\"]}]},{\"@type\":\"ImageObject\",\"inLanguage\":\"de\",\"@id\":\"https:\\\/\\\/www.multigas.ch\\\/de\\\/multigas-auf-der-swiss-cooling-expo-2025\\\/#primaryimage\",\"url\":\"https:\\\/\\\/www.multigas.ch\\\/wp-content\\\/uploads\\\/2025\\\/12\\\/VIS_MULTIGAS_swiss-cooling.jpg\",\"contentUrl\":\"https:\\\/\\\/www.multigas.ch\\\/wp-content\\\/uploads\\\/2025\\\/12\\\/VIS_MULTIGAS_swiss-cooling.jpg\",\"width\":949,\"height\":400,\"caption\":\"Multigas au Swiss Cooling Expo 2025\"},{\"@type\":\"BreadcrumbList\",\"@id\":\"https:\\\/\\\/www.multigas.ch\\\/de\\\/multigas-auf-der-swiss-cooling-expo-2025\\\/#breadcrumb\",\"itemListElement\":[{\"@type\":\"ListItem\",\"position\":1,\"name\":\"Zuhause\",\"item\":\"https:\\\/\\\/www.multigas.ch\\\/de\\\/\"},{\"@type\":\"ListItem\",\"position\":2,\"name\":\"Multigas auf der Swiss Cooling Expo 2025\"}]},{\"@type\":\"WebSite\",\"@id\":\"https:\\\/\\\/www.multigas.ch\\\/#website\",\"url\":\"https:\\\/\\\/www.multigas.ch\\\/\",\"name\":\"Multigas\",\"description\":\"Fournisseur de Gaz sp\u00e9ciaux en Suisse\",\"potentialAction\":[{\"@type\":\"SearchAction\",\"target\":{\"@type\":\"EntryPoint\",\"urlTemplate\":\"https:\\\/\\\/www.multigas.ch\\\/?s={search_term_string}\"},\"query-input\":{\"@type\":\"PropertyValueSpecification\",\"valueRequired\":true,\"valueName\":\"search_term_string\"}}],\"inLanguage\":\"de\"},{\"@type\":\"Person\",\"@id\":\"https:\\\/\\\/www.multigas.ch\\\/#\\\/schema\\\/person\\\/2891ddf6ce685c333fa802442830fa13\",\"name\":\"cedric\",\"url\":\"https:\\\/\\\/www.multigas.ch\\\/de\\\/author\\\/cedric\\\/\"}]}<\/script>\n<!-- \/ Yoast SEO plugin. -->","yoast_head_json":{"title":"Multigas auf der Swiss Cooling Expo 2025 - Multigas","robots":{"index":"noindex","follow":"follow"},"og_locale":"de_DE","og_type":"article","og_title":"Multigas auf der Swiss Cooling Expo 2025 - Multigas","og_description":"Multigas war am Donnerstag, dem 11. Dezember, auf der Swiss Cooling Expo in Beaulieu, Lausanne, vertreten. Dieser Tag bot Gelegenheit zum Austausch und zur Weitergabe unseres Fachwissens \u00fcber die Auswahl der richtigen K\u00e4ltemittel f\u00fcr Ihre Anlagen. Vielen Dank an alle f\u00fcr diese konstruktiven Gespr\u00e4che \u2013 wir sehen uns bei den n\u00e4chsten Veranstaltungen!","og_url":"https:\/\/www.multigas.ch\/de\/multigas-auf-der-swiss-cooling-expo-2025\/","og_site_name":"Multigas","article_published_time":"2025-12-15T10:26:59+00:00","article_modified_time":"2025-12-23T10:27:15+00:00","og_image":[{"width":949,"height":400,"url":"https:\/\/www.multigas.ch\/wp-content\/uploads\/2025\/12\/VIS_MULTIGAS_swiss-cooling.jpg","type":"image\/jpeg"}],"author":"cedric","twitter_card":"summary_large_image","twitter_misc":{"Verfasst von":"cedric","Gesch\u00e4tzte Lesezeit":"1\u00a0Minute"},"schema":{"@context":"https:\/\/schema.org","@graph":[{"@type":"Article","@id":"https:\/\/www.multigas.ch\/de\/multigas-auf-der-swiss-cooling-expo-2025\/#article","isPartOf":{"@id":"https:\/\/www.multigas.ch\/de\/multigas-auf-der-swiss-cooling-expo-2025\/"},"author":{"name":"cedric","@id":"https:\/\/www.multigas.ch\/#\/schema\/person\/2891ddf6ce685c333fa802442830fa13"},"headline":"Multigas auf der Swiss Cooling Expo 2025","datePublished":"2025-12-15T10:26:59+00:00","dateModified":"2025-12-23T10:27:15+00:00","mainEntityOfPage":{"@id":"https:\/\/www.multigas.ch\/de\/multigas-auf-der-swiss-cooling-expo-2025\/"},"wordCount":61,"image":{"@id":"https:\/\/www.multigas.ch\/de\/multigas-auf-der-swiss-cooling-expo-2025\/#primaryimage"},"thumbnailUrl":"https:\/\/www.multigas.ch\/wp-content\/uploads\/2025\/12\/VIS_MULTIGAS_swiss-cooling.jpg","articleSection":["Unkategorisiert"],"inLanguage":"de"},{"@type":"WebPage","@id":"https:\/\/www.multigas.ch\/de\/multigas-auf-der-swiss-cooling-expo-2025\/","url":"https:\/\/www.multigas.ch\/de\/multigas-auf-der-swiss-cooling-expo-2025\/","name":"Multigas auf der Swiss Cooling Expo 2025 - Multigas","isPartOf":{"@id":"https:\/\/www.multigas.ch\/#website"},"primaryImageOfPage":{"@id":"https:\/\/www.multigas.ch\/de\/multigas-auf-der-swiss-cooling-expo-2025\/#primaryimage"},"image":{"@id":"https:\/\/www.multigas.ch\/de\/multigas-auf-der-swiss-cooling-expo-2025\/#primaryimage"},"thumbnailUrl":"https:\/\/www.multigas.ch\/wp-content\/uploads\/2025\/12\/VIS_MULTIGAS_swiss-cooling.jpg","datePublished":"2025-12-15T10:26:59+00:00","dateModified":"2025-12-23T10:27:15+00:00","author":{"@id":"https:\/\/www.multigas.ch\/#\/schema\/person\/2891ddf6ce685c333fa802442830fa13"},"breadcrumb":{"@id":"https:\/\/www.multigas.ch\/de\/multigas-auf-der-swiss-cooling-expo-2025\/#breadcrumb"},"inLanguage":"de","potentialAction":[{"@type":"ReadAction","target":["https:\/\/www.multigas.ch\/de\/multigas-auf-der-swiss-cooling-expo-2025\/"]}]},{"@type":"ImageObject","inLanguage":"de","@id":"https:\/\/www.multigas.ch\/de\/multigas-auf-der-swiss-cooling-expo-2025\/#primaryimage","url":"https:\/\/www.multigas.ch\/wp-content\/uploads\/2025\/12\/VIS_MULTIGAS_swiss-cooling.jpg","contentUrl":"https:\/\/www.multigas.ch\/wp-content\/uploads\/2025\/12\/VIS_MULTIGAS_swiss-cooling.jpg","width":949,"height":400,"caption":"Multigas au Swiss Cooling Expo 2025"},{"@type":"BreadcrumbList","@id":"https:\/\/www.multigas.ch\/de\/multigas-auf-der-swiss-cooling-expo-2025\/#breadcrumb","itemListElement":[{"@type":"ListItem","position":1,"name":"Zuhause","item":"https:\/\/www.multigas.ch\/de\/"},{"@type":"ListItem","position":2,"name":"Multigas auf der Swiss Cooling Expo 2025"}]},{"@type":"WebSite","@id":"https:\/\/www.multigas.ch\/#website","url":"https:\/\/www.multigas.ch\/","name":"Multigas","description":"Fournisseur de Gaz sp\u00e9ciaux en Suisse","potentialAction":[{"@type":"SearchAction","target":{"@type":"EntryPoint","urlTemplate":"https:\/\/www.multigas.ch\/?s={search_term_string}"},"query-input":{"@type":"PropertyValueSpecification","valueRequired":true,"valueName":"search_term_string"}}],"inLanguage":"de"},{"@type":"Person","@id":"https:\/\/www.multigas.ch\/#\/schema\/person\/2891ddf6ce685c333fa802442830fa13","name":"cedric","url":"https:\/\/www.multigas.ch\/de\/author\/cedric\/"}]}},"_links":{"self":[{"href":"https:\/\/www.multigas.ch\/de\/wp-json\/wp\/v2\/posts\/7681","targetHints":{"allow":["GET"]}}],"collection":[{"href":"https:\/\/www.multigas.ch\/de\/wp-json\/wp\/v2\/posts"}],"about":[{"href":"https:\/\/www.multigas.ch\/de\/wp-json\/wp\/v2\/types\/post"}],"author":[{"embeddable":true,"href":"https:\/\/www.multigas.ch\/de\/wp-json\/wp\/v2\/users\/1"}],"replies":[{"embeddable":true,"href":"https:\/\/www.multigas.ch\/de\/wp-json\/wp\/v2\/comments?post=7681"}],"version-history":[{"count":1,"href":"https:\/\/www.multigas.ch\/de\/wp-json\/wp\/v2\/posts\/7681\/revisions"}],"predecessor-version":[{"id":7682,"href":"https:\/\/www.multigas.ch\/de\/wp-json\/wp\/v2\/posts\/7681\/revisions\/7682"}],"wp:featuredmedia":[{"embeddable":true,"href":"https:\/\/www.multigas.ch\/de\/wp-json\/wp\/v2\/media\/7678"}],"wp:attachment":[{"href":"https:\/\/www.multigas.ch\/de\/wp-json\/wp\/v2\/media?parent=7681"}],"wp:term":[{"taxonomy":"category","embeddable":true,"href":"https:\/\/www.multigas.ch\/de\/wp-json\/wp\/v2\/categories?post=7681"},{"taxonomy":"post_tag","embeddable":true,"href":"https:\/\/www.multigas.ch\/de\/wp-json\/wp\/v2\/tags?post=7681"}],"curies":[{"name":"wp","href":"https:\/\/api.w.org\/{rel}","templated":true}]}}